{"id":1109,"date":"2017-01-25T14:42:28","date_gmt":"2017-01-25T13:42:28","guid":{"rendered":"http:\/\/www.zsg-altenmarkt.de\/?p=1109"},"modified":"2017-04-29T15:41:02","modified_gmt":"2017-04-29T13:41:02","slug":"jahreshaupversammlung-21-01-2017","status":"publish","type":"post","link":"http:\/\/www.zsg-altenmarkt.de\/?p=1109","title":{"rendered":"Jahreshaupversammlung 21.01.2017"},"content":{"rendered":"<p><span style=\"color: #000000; font-family: Times New Roman;\">1.<\/span><b><\/b><span style=\"color: #000000; font-family: Times New Roman;\">Sch\u00fctzenmeister Joachim Auer konnte zur Jahreshauptversammlung 1. B\u00fcrgermeister Stephan Bierschneider, 1. Gausch\u00fctzenmeister Anton Hochreiter, Ehrensch\u00fctzenmeister Hans Schwankner sowie die Ehrenmitglieder Edeltraud und Manfred Winklhofer begr\u00fc\u00dfen. Ehrensch\u00fctzenmeister Sepp Schwarz lie\u00df sich aus gesundheitlichen Gr\u00fcnden entschuldigen.<\/span><\/p>\nngg_shortcode_0_placeholder\n<p>Das Foto zeigt von links nach rechts:<\/p>\n<p>1. Sch\u00fctzenmeister Joachim Auer, Stefan Schwankner, Gabriele Schwarz, Rosmarie Schwankner, Karl Katzb\u00f6ck, 1. Gausch\u00fctzenmeister Anton Hochreiter<\/p>\n<p><!--more--><\/p>\n<p><span style=\"color: #000000; font-family: Times New Roman;\">Zu Beginn gedachten die Versammelten der verstorbenen Vereinsmitglieder mit einer Schweigeminute.<\/span><span style=\"color: #000000; font-family: Times New Roman;\">\u00a0<\/span><\/p>\n<p><span style=\"color: #000000; font-family: Times New Roman;\">Der Sch\u00fctzenmeister dankte allen Mitgliedern, die sich im Verein aktiv einbringen, sei es die Arbeit der Vorstandschaft, die Mithilfe bei der Durchf\u00fchrung des Kirchweihschie\u00dfens, die Gestaltung der neuen Internetseite, die Reinigung der Vereinsr\u00e4ume, die Kuchenb\u00e4ckerinnen an den Schie\u00dfabenden sowie f\u00fcr get\u00e4tigten Arbeiten am Sch\u00fctzenheim. Ein besonderer Dank galt Edeltraud und Manfred Winklhofer f\u00fcr die stets gute Verpflegung im Schie\u00dflokal.<\/span><\/p>\n<p><span style=\"color: #000000; font-family: Times New Roman;\">Ein weiterer Dank galt Rosmarie Schwankner f\u00fcr ihre Eigeniniative bez\u00fcglich der Aufarbeitung der Chronik der Gesellschaft. Sie hatte die Idee, die verschiedenen Bereiche des Vereinslebens in eigenen Ordner chronologisch zu gestalten, um im Sch\u00fctzenheim jederzeit darin bl\u00e4ttern zu k\u00f6nnen. Ihr Ehemann Hans hat ihr dabei tatkr\u00e4ftig geholfen.<\/span><span style=\"color: #000000; font-family: Times New Roman;\">\u00a0<\/span><\/p>\n<p><span style=\"color: #000000; font-family: Times New Roman;\">Das 14. Kirchweihschie\u00dfen wurde vom Verein wieder gut vorbereitet und durchgef\u00fchrt und war mit 340 Teilnehmern ein voller Erfolg. Beim 60. Gauschie\u00dfen, die bei der ASG Engelsberg ausgetragen wurde, haben sich 15 Sch\u00fctzen unseres Vereins beteiligt. Robert K\u00f6pplreiter wurde beim Gausch\u00fctzenball zum Brezenk\u00f6nig in der Disziplin Luftpistole gek\u00fcrt. Im November wurde in unserem Verein der Gau-Oldie-Cup durchgef\u00fchrt, bei dem leider nur 36 Teilnehmer den Weg ins Sch\u00fctzenheim gefunden haben. Alle die dabei waren, hatten viel Freude am Wettbewerb.<\/span><\/p>\n<p><span style=\"color: #000000; font-family: Times New Roman;\">Sehr erfreulich ist die Entwicklung unserer Aufgelegt-Klasse, die mit sehr viel Freude und Ehrgeiz den Schie\u00dfsport ausf\u00fchrt. Aufgrund der Klassenst\u00e4rke macht sich die Vorstandschaft Gedanken \u00fcber eine alternative Wertung, z.B. Adlerwertung. Die Aufgelegt-Sch\u00fctzen sollen sich \u00fcberlegen, in welcher Form die Wertung aussehen k\u00f6nnte.<\/span><\/p>\n<p><span style=\"color: #000000; font-family: Times New Roman;\">Sportleiter Stefan Schwankner informierte \u00fcber die sportlichen Ereignisse der letzten Monate. Au\u00dferdem berichtete er \u00fcber den aktuellen Stand bei den Rundenwettk\u00e4mpfen, bei denen 4 Mannschaften mit dabei sind.<\/span><span style=\"color: #000000; font-family: Times New Roman;\">\u00a0<\/span><\/p>\n<p><span style=\"color: #000000; font-family: Times New Roman;\">Schriftf\u00fchrerin Monika Auer berichtete \u00fcber die Aktivit\u00e4ten sowie Festlichkeiten, an der sich der Verein beteiligte, aus der Vereinschronik.<\/span><span style=\"color: #000000; font-family: Times New Roman;\">\u00a0<\/span><\/p>\n<p><span style=\"color: #000000; font-family: Times New Roman;\">Schatzmeisterin Gabriele Schwarz gab einen \u00dcberblick \u00fcber die Einnahmen und Ausgaben der Gesellschaft, diese sind im Einzelnen aus dem Kassenbuch ersichtlich. Die Revisoren Katharina Koten und Martin Wimmer haben die Kasse gepr\u00fcft. Sie best\u00e4tigten eine einwandfreie, ordentliche Kassenf\u00fchrung. Die Anwesenden stimmten einstimmig f\u00fcr die Entlastung der Vorstandschaft.<\/span><span style=\"color: #000000; font-family: Times New Roman;\">\u00a0<\/span><\/p>\n<p><span style=\"color: #000000; font-family: Times New Roman;\">F\u00fcr 25-j\u00e4hrige Mitgliedschaft im Verein erhielt Karl Katzb\u00f6ck die Vereinsnadel. Nicht anwesend sein konnten Georg Kneidl, Manfred Nagl und Albert Wimmer, die bereits 60 Jahre lang dem Verein die Treue halten.<\/span><span style=\"color: #000000; font-family: Times New Roman;\">\u00a0<\/span><\/p>\n<p><span style=\"color: #000000; font-family: Times New Roman;\">Zusammen mit 1. Gausch\u00fctzenmeister Anton Hochreiter wurden folgende Ehrungen vom Bayerischen sowie Deutschen Sportsch\u00fctzenbund vorgenommen:<\/span><\/p>\n<p><span style=\"color: #000000; font-family: Times New Roman;\">Stefan Schwankner f\u00fcr 25 Jahre Mitgliedschaft im Verband, Gabriele Schwarz und Rosmarie Schwankner f\u00fcr jeweils 40 Jahre Mitgliedschaft im Verband.<br \/>\n<\/span><span style=\"color: #000000; font-family: Times New Roman;\">Manfred Schwankner (25 Jahre), Markus Buchner (25 Jahre) und Sepp Schwarz sen. (60 Jahre) konnten die Ehrung f\u00fcr vom Verband nicht pers\u00f6nlich entgegennehmen. F\u00fcr diese Sch\u00fctzen wird die Ehrung bei der Preisverteilung des Endschie\u00dfens nachgeholt.<\/span><span style=\"color: #000000; font-family: Times New Roman;\">\u00a0<\/span><\/p>\n<p><span style=\"color: #000000; font-family: Times New Roman;\">1. Gausch\u00fctzenmeister Anton Hochreiter sprach ein Gru\u00dfwort an die Versammelten, er gratulierte den Geehrten zu deren langj\u00e4hriger Treue zum Verein. Er w\u00fcnschte sich weiterhin so ein Engagement im Verein. Das Thema Nachwuchs im Schie\u00dfsport ist ein hartes Thema. Hier muss man unbedingt einen langen Atem haben, dranbleiben und Werbung betreiben. Bei der Jahreshauptversammlung des Alzgau Trostberg am 03.04.2017 stellt Armin Singer eine neue Idee vor, um junge Sch\u00fctzen f\u00fcr den Schie\u00dfsport zu gewinnen. <\/span><span style=\"color: #000000; font-family: Times New Roman;\">Er bedankte sich f\u00fcr die Ausrichtung des Gau-Oldie-Cups.<\/span><span style=\"color: #000000; font-family: Times New Roman;\">\u00a0<\/span><\/p>\n<p><span style=\"color: #000000; font-family: Times New Roman;\">F\u00fcr die turnusm\u00e4\u00dfigen Neuwahlen stellte sich 1. B\u00fcrgermeister Stephan Bierschneider als Wahlleiter zur Verf\u00fcgung. Er dankte f\u00fcr das Engagement im Verein u. freute sich \u00fcber das aktive Vereinsleben. Die Wahl wurde per Handzeichen durchgef\u00fchrt und brachte folgendes Ergebnis:<\/span><span style=\"color: #000000; font-family: Times New Roman;\">\u00a0<\/span><\/p>\n<p><span style=\"color: #000000; font-family: Times New Roman;\">1. Sch\u00fctzenmeister<\/span><span style=\"color: #000000; font-family: Times New Roman;\">\u00a0\u00a0\u00a0\u00a0\u00a0\u00a0\u00a0\u00a0\u00a0\u00a0\u00a0 <\/span><span style=\"color: #000000; font-family: Times New Roman;\">Joachim Auer<br \/>\n<\/span><span style=\"color: #000000; font-family: Times New Roman;\">2. Sch\u00fctzenmeister<\/span><span style=\"color: #000000; font-family: Times New Roman;\">\u00a0\u00a0\u00a0\u00a0\u00a0\u00a0\u00a0\u00a0\u00a0\u00a0\u00a0 <\/span><span style=\"color: #000000; font-family: Times New Roman;\">Ernst Feichtner<br \/>\n<\/span><span style=\"color: #000000; font-family: Times New Roman;\">1. Kassier<\/span><span style=\"color: #000000; font-family: Times New Roman;\">\u00a0\u00a0\u00a0\u00a0\u00a0\u00a0\u00a0\u00a0\u00a0\u00a0\u00a0\u00a0\u00a0\u00a0\u00a0\u00a0\u00a0\u00a0\u00a0\u00a0\u00a0\u00a0\u00a0\u00a0\u00a0\u00a0 <\/span><span style=\"color: #000000; font-family: Times New Roman;\">Gabriele Schwarz<br \/>\n<\/span><span style=\"color: #000000; font-family: Times New Roman;\">Schriftf\u00fchrer<\/span><span style=\"color: #000000; font-family: Times New Roman;\">\u00a0\u00a0\u00a0\u00a0\u00a0\u00a0\u00a0\u00a0\u00a0\u00a0\u00a0\u00a0\u00a0\u00a0\u00a0\u00a0\u00a0\u00a0\u00a0\u00a0\u00a0 <\/span><span style=\"color: #000000; font-family: Times New Roman;\">Monika Auer<br \/>\n<\/span><span style=\"color: #000000; font-family: Times New Roman;\">Sportleiter<\/span><span style=\"color: #000000; font-family: Times New Roman;\">\u00a0\u00a0\u00a0\u00a0\u00a0\u00a0\u00a0\u00a0\u00a0\u00a0\u00a0\u00a0\u00a0\u00a0\u00a0\u00a0\u00a0\u00a0\u00a0\u00a0\u00a0\u00a0\u00a0\u00a0\u00a0 <\/span><span style=\"color: #000000; font-family: Times New Roman;\">Stefan Schwankner<br \/>\n<\/span><span style=\"color: #000000; font-family: Times New Roman;\">Jugendleiter<\/span><span style=\"color: #000000; font-family: Times New Roman;\">\u00a0\u00a0\u00a0\u00a0\u00a0\u00a0\u00a0\u00a0\u00a0\u00a0\u00a0\u00a0\u00a0\u00a0\u00a0\u00a0\u00a0\u00a0\u00a0\u00a0\u00a0\u00a0 <\/span><span style=\"color: #000000; font-family: Times New Roman;\">Robert K\u00f6pplreiter<br \/>\n<\/span><span style=\"color: #000000; font-family: Times New Roman;\">Revisoren<\/span><span style=\"color: #000000; font-family: Times New Roman;\">\u00a0\u00a0\u00a0\u00a0\u00a0\u00a0\u00a0\u00a0\u00a0\u00a0\u00a0\u00a0\u00a0\u00a0\u00a0\u00a0\u00a0\u00a0\u00a0\u00a0\u00a0\u00a0\u00a0\u00a0\u00a0\u00a0 <\/span><span style=\"color: #000000; font-family: Times New Roman;\">Katharina Koten<\/span><span style=\"color: #000000; font-family: Times New Roman;\">und Martin Wimmer<\/span><span style=\"color: #000000; font-family: Times New Roman;\">\u00a0<\/span><\/p>\n<p><span style=\"color: #000000; font-family: Times New Roman;\">Der bisherige 2. Kassier Tobias Sedlmeier stellte sich nicht mehr zur Wiederwahl. Das Amt des 2. Kassiers wird bis zu den n\u00e4chsten Neuwahlen ausgesetzt und diese Aufgaben vereinsintern geregelt.<\/span><span style=\"color: #000000; font-family: Times New Roman;\">\u00a0<\/span><\/p>\n<p><span style=\"color: #000000; font-family: Times New Roman;\">1. B\u00fcrgermeister Stephan Bierschneider \u00fcberbrachte die Gru\u00dfworte der Gemeinde. Er meinte, der Verein sei gut organisiert, die Mitglieder nehmen das Angebot an. Er w\u00fcnschte ein gedeihliches Vereinsjahr, ob aus sportlicher Sicht bzw. auch gesellschaftlich.<\/span><span style=\"color: #000000; font-family: Times New Roman;\">\u00a0<\/span><\/p>\n<p><span style=\"color: #000000; font-family: Times New Roman;\">Aufgrund einer Erh\u00f6hung des Bayerischen und des Deutschen Sportsch\u00fctzenbundes werden nun auch bei der ZSG Altenmarkt die Beitr\u00e4ge ab 2017 angepasst. Die letzte Erh\u00f6hung war im Jahr 2009.<\/span><span style=\"color: #000000; font-family: Times New Roman;\">\u00a0<\/span><\/p>\n<p><span style=\"color: #000000; font-family: Times New Roman;\">Es wurde beschlossen, alle 2 Jahre einen 1-t\u00e4gigen bzw. alle 4 Jahre einen zweit\u00e4gigen Ausflug umzusetzen. 2017 st\u00fcnde somit ein 1-t\u00e4giger Ausflug zur Planung an. Es werden Vorschl\u00e4ge unterbreitet. Die Stammtische \u00fcber den Sommer werden in der Tagespresse bekannt gegeben. Geplant ist eine F\u00fchrung bei Gem\u00fcsebau Steiner in Kirchweidach.<\/span><\/p>\n<p><span style=\"color: #000000; font-family: Times New Roman;\">\u00a0<\/span><\/p>\n","protected":false},"excerpt":{"rendered":"<p>1.Sch\u00fctzenmeister Joachim Auer konnte zur Jahreshauptversammlung 1. B\u00fcrgermeister Stephan Bierschneider, 1. Gausch\u00fctzenmeister Anton Hochreiter, Ehrensch\u00fctzenmeister Hans Schwankner sowie die Ehrenmitglieder Edeltraud und Manfred Winklhofer begr\u00fc\u00dfen. Ehrensch\u00fctzenmeister Sepp Schwarz lie\u00df sich aus gesundheitlichen Gr\u00fcnden entschuldigen. Das Foto zeigt von links nach rechts: 1. Sch\u00fctzenmeister Joachim Auer, Stefan Schwankner, Gabriele Schwarz, Rosmarie Schwankner, Karl Katzb\u00f6ck, 1. Gausch\u00fctzenmeister &hellip; <a href=\"http:\/\/www.zsg-altenmarkt.de\/?p=1109\" class=\"more-link\"><span class=\"screen-reader-text\">Jahreshaupversammlung 21.01.2017<\/span> weiterlesen <span class=\"meta-nav\">&rarr;<\/span><\/a><\/p>\n","protected":false},"author":1,"featured_media":0,"comment_status":"closed","ping_status":"closed","sticky":false,"template":"","format":"standard","meta":{"ngg_post_thumbnail":0,"footnotes":""},"categories":[1],"tags":[],"class_list":["post-1109","post","type-post","status-publish","format-standard","hentry","category-allgemein"],"_links":{"self":[{"href":"http:\/\/www.zsg-altenmarkt.de\/index.php?rest_route=\/wp\/v2\/posts\/1109","targetHints":{"allow":["GET"]}}],"collection":[{"href":"http:\/\/www.zsg-altenmarkt.de\/index.php?rest_route=\/wp\/v2\/posts"}],"about":[{"href":"http:\/\/www.zsg-altenmarkt.de\/index.php?rest_route=\/wp\/v2\/types\/post"}],"author":[{"embeddable":true,"href":"http:\/\/www.zsg-altenmarkt.de\/index.php?rest_route=\/wp\/v2\/users\/1"}],"replies":[{"embeddable":true,"href":"http:\/\/www.zsg-altenmarkt.de\/index.php?rest_route=%2Fwp%2Fv2%2Fcomments&post=1109"}],"version-history":[{"count":4,"href":"http:\/\/www.zsg-altenmarkt.de\/index.php?rest_route=\/wp\/v2\/posts\/1109\/revisions"}],"predecessor-version":[{"id":1121,"href":"http:\/\/www.zsg-altenmarkt.de\/index.php?rest_route=\/wp\/v2\/posts\/1109\/revisions\/1121"}],"wp:attachment":[{"href":"http:\/\/www.zsg-altenmarkt.de\/index.php?rest_route=%2Fwp%2Fv2%2Fmedia&parent=1109"}],"wp:term":[{"taxonomy":"category","embeddable":true,"href":"http:\/\/www.zsg-altenmarkt.de\/index.php?rest_route=%2Fwp%2Fv2%2Fcategories&post=1109"},{"taxonomy":"post_tag","embeddable":true,"href":"http:\/\/www.zsg-altenmarkt.de\/index.php?rest_route=%2Fwp%2Fv2%2Ftags&post=1109"}],"curies":[{"name":"wp","href":"https:\/\/api.w.org\/{rel}","templated":true}]}}